{"id":696,"date":"2026-03-05T14:01:26","date_gmt":"2026-03-05T13:01:26","guid":{"rendered":"https:\/\/bri.univ-antilles.fr\/newsite\/?p=696"},"modified":"2026-04-21T21:37:07","modified_gmt":"2026-04-21T19:37:07","slug":"cap-sur-les-baleares-pour-une-semaine-dimmersion","status":"publish","type":"post","link":"https:\/\/bri.univ-antilles.fr\/newsite\/index.php\/2026\/03\/05\/cap-sur-les-baleares-pour-une-semaine-dimmersion\/","title":{"rendered":"Cap sur les Bal\u00e9ares pour une semaine d&rsquo;immersion"},"content":{"rendered":"\n<div class=\"wp-block-group is-content-justification-left is-nowrap is-layout-flex wp-container-core-group-is-layout-f56a869c wp-block-group-is-layout-flex\">\n<figure class=\"wp-block-image size-full is-resized\"><a href=\"https:\/\/bri.univ-antilles.fr\/newsite\/index.php\/2026\/03\/16\/immersion-week-in-the-baleares-island\/\"><img loading=\"lazy\" decoding=\"async\" width=\"424\" height=\"424\" src=\"https:\/\/bri.univ-antilles.fr\/newsite\/wp-content\/uploads\/2026\/03\/british-circle-flag-uk-standard-600nw-2495247737-1.webp\" alt=\"\" class=\"wp-image-733\" style=\"width:31px;height:auto\" srcset=\"https:\/\/bri.univ-antilles.fr\/newsite\/wp-content\/uploads\/2026\/03\/british-circle-flag-uk-standard-600nw-2495247737-1.webp 424w, https:\/\/bri.univ-antilles.fr\/newsite\/wp-content\/uploads\/2026\/03\/british-circle-flag-uk-standard-600nw-2495247737-1-300x300.webp 300w, https:\/\/bri.univ-antilles.fr\/newsite\/wp-content\/uploads\/2026\/03\/british-circle-flag-uk-standard-600nw-2495247737-1-150x150.webp 150w\" sizes=\"auto, (max-width: 424px) 100vw, 424px\" \/><\/a><\/figure>\n<\/div>\n\n\n\n<p><\/p>\n\n\n\n<p>Dans le cadre de l&rsquo;alliance universitaire europ\u00e9enne <a href=\"https:\/\/eunicoast.eu\/\" data-type=\"link\" data-id=\"https:\/\/eunicoast.eu\/\">EUNICoast<\/a>, un groupe de neuf \u00e9tudiants ing\u00e9nieurs en Sciences de l&rsquo;environnement et des mat\u00e9riaux a effectu\u00e9 un stage de mobilit\u00e9 d&rsquo;une semaine \u00e0 Majorque, accueillis par l&rsquo;<a href=\"https:\/\/www.uib.eu\/\" data-type=\"link\" data-id=\"https:\/\/www.uib.eu\/\">Universit\u00e9 des \u00celes Bal\u00e9ares<\/a> (UIB). <br>Ce s\u00e9jour s&rsquo;inscrit dans une dynamique de coop\u00e9ration acad\u00e9mique et scientifique entre \u00e9tablissements c\u00f4tiers europ\u00e9ens, offrant aux \u00e9tudiants une opportunit\u00e9 rare de confronter leur formation \u00e0 un environnement universitaire international.<\/p>\n\n\n\n<h4 class=\"wp-block-heading has-vivid-cyan-blue-color has-text-color has-link-color wp-elements-91ae482d4c8996c8f908b1b01ca5f68c\"><strong>Une exp\u00e9rience multiple et fondatrice<\/strong><\/h4>\n\n\n\n<ul class=\"wp-block-list\">\n<li><strong>D\u00e9couverte du campus<\/strong> : Visite guid\u00e9e des installations de l&rsquo;UIB : laboratoires, centres de recherche en mat\u00e9riaux et espaces de vie \u00e9tudiante dans un cadre m\u00e9diterran\u00e9en exceptionnel.<\/li>\n<\/ul>\n\n\n\n<ul class=\"wp-block-list\">\n<li><strong>Rencontres acad\u00e9miques<\/strong> : \u00c9change avec les enseignants-chercheurs et les \u00e9tudiants espagnols autour des pratiques p\u00e9dagogiques.<\/li>\n<\/ul>\n\n\n\n<ul class=\"wp-block-list\">\n<li><strong>Industrie &amp; \u00e9conomie circulaire<\/strong> : Visites d&rsquo;entreprises locales sp\u00e9cialis\u00e9es dans la valorisation des d\u00e9chets, mettant en lumi\u00e8re les d\u00e9bouch\u00e9s concrets pour les ing\u00e9nieurs en mat\u00e9riaux.<\/li>\n<\/ul>\n\n\n\n<ul class=\"wp-block-list\">\n<li><strong>Culture EUNICoast<\/strong> : valeurs partag\u00e9es, projets transversaux et vision d&rsquo;une formation sup\u00e9rieure \u00e0 dimension europ\u00e9enne.<\/li>\n<\/ul>\n\n\n\n<h4 class=\"wp-block-heading has-vivid-cyan-blue-color has-text-color has-link-color wp-elements-cc240dd0f07221103c00627d6a62eab5\"><strong>La valorisation des d\u00e9chets au coeur des pr\u00e9occupations<\/strong><\/h4>\n\n\n\n<p>Au-del\u00e0 des murs de l&rsquo;universit\u00e9, les \u00e9tudiants ont eu l&rsquo;occasion de visiter des entreprises majorquines engag\u00e9es dans la valorisation des d\u00e9chets et l&rsquo;\u00e9conomie circulaire &#8211; un secteur en pleine expansion sur les territoires insulaires, confront\u00e9s \u00e0 des enjeux sp\u00e9cifiques de gestion des ressources.<\/p>\n\n\n\n<p>Ces visites ont permis de faire le lien entre les fondamentaux th\u00e9oriques de la science des mat\u00e9riaux et les r\u00e9alit\u00e9s op\u00e9rationnelles du terrain : tri, revalorisation, recyclage de mat\u00e9riaux composites, gestion des d\u00e9chets industriels et production de mati\u00e8res secondaires.<\/p>\n\n\n\n<h4 class=\"wp-block-heading has-vivid-cyan-blue-color has-text-color has-link-color wp-elements-12756c6dbddbd9f2d4f7c680f940c52f\"><strong>EUNICoast : l&rsquo;Europe par les c\u00f4tes<\/strong><\/h4>\n\n\n\n<p>EUNICoast est une alliance d&rsquo;universit\u00e9s c\u00f4ti\u00e8res europ\u00e9ennes engag\u00e9es dans la mobilit\u00e9 \u00e9tudiante, la recherche collaborative et le partage de ressources p\u00e9dagogiques.<\/p>\n\n\n\n<p>Ce partenariat avec l&rsquo;Universit\u00e9 des \u00celes Bal\u00e9ares illustre la vitalit\u00e9 de ce r\u00e9seau : des \u00e9tudiants qui voyagent, apprennent et construisent ensemble les bases d&rsquo;une identit\u00e9 acad\u00e9mique europ\u00e9enne.<\/p>\n\n\n\n<figure class=\"wp-block-gallery has-nested-images columns-3 is-cropped wp-block-gallery-1 is-layout-flex wp-block-gallery-is-layout-flex\">\n<figure class=\"wp-block-image size-large\"><img loading=\"lazy\" decoding=\"async\" width=\"1024\" height=\"768\" data-id=\"707\" src=\"https:\/\/bri.univ-antilles.fr\/newsite\/wp-content\/uploads\/2026\/03\/Inge01-1024x768.jpg\" alt=\"\" class=\"wp-image-707\" srcset=\"https:\/\/bri.univ-antilles.fr\/newsite\/wp-content\/uploads\/2026\/03\/Inge01-1024x768.jpg 1024w, https:\/\/bri.univ-antilles.fr\/newsite\/wp-content\/uploads\/2026\/03\/Inge01-300x225.jpg 300w, https:\/\/bri.univ-antilles.fr\/newsite\/wp-content\/uploads\/2026\/03\/Inge01-768x576.jpg 768w, https:\/\/bri.univ-antilles.fr\/newsite\/wp-content\/uploads\/2026\/03\/Inge01.jpg 1280w\" sizes=\"auto, (max-width: 1024px) 100vw, 1024px\" \/><\/figure>\n\n\n\n<figure class=\"wp-block-image size-large\"><img loading=\"lazy\" decoding=\"async\" width=\"1024\" height=\"1022\" data-id=\"710\" src=\"https:\/\/bri.univ-antilles.fr\/newsite\/wp-content\/uploads\/2026\/03\/Inge03-1024x1022.jpg\" alt=\"\" class=\"wp-image-710\" srcset=\"https:\/\/bri.univ-antilles.fr\/newsite\/wp-content\/uploads\/2026\/03\/Inge03-1024x1022.jpg 1024w, https:\/\/bri.univ-antilles.fr\/newsite\/wp-content\/uploads\/2026\/03\/Inge03-300x300.jpg 300w, https:\/\/bri.univ-antilles.fr\/newsite\/wp-content\/uploads\/2026\/03\/Inge03-150x150.jpg 150w, https:\/\/bri.univ-antilles.fr\/newsite\/wp-content\/uploads\/2026\/03\/Inge03-768x767.jpg 768w, https:\/\/bri.univ-antilles.fr\/newsite\/wp-content\/uploads\/2026\/03\/Inge03.jpg 1088w\" sizes=\"auto, (max-width: 1024px) 100vw, 1024px\" \/><\/figure>\n\n\n\n<figure class=\"wp-block-image size-large\"><img loading=\"lazy\" decoding=\"async\" width=\"1024\" height=\"768\" data-id=\"708\" src=\"https:\/\/bri.univ-antilles.fr\/newsite\/wp-content\/uploads\/2026\/03\/Inge02-1024x768.jpg\" alt=\"\" class=\"wp-image-708\" srcset=\"https:\/\/bri.univ-antilles.fr\/newsite\/wp-content\/uploads\/2026\/03\/Inge02-1024x768.jpg 1024w, https:\/\/bri.univ-antilles.fr\/newsite\/wp-content\/uploads\/2026\/03\/Inge02-300x225.jpg 300w, https:\/\/bri.univ-antilles.fr\/newsite\/wp-content\/uploads\/2026\/03\/Inge02-768x576.jpg 768w, https:\/\/bri.univ-antilles.fr\/newsite\/wp-content\/uploads\/2026\/03\/Inge02-1536x1152.jpg 1536w, https:\/\/bri.univ-antilles.fr\/newsite\/wp-content\/uploads\/2026\/03\/Inge02.jpg 1600w\" sizes=\"auto, (max-width: 1024px) 100vw, 1024px\" \/><\/figure>\n\n\n\n<figure class=\"wp-block-image size-large\"><img loading=\"lazy\" decoding=\"async\" width=\"1024\" height=\"536\" data-id=\"709\" src=\"https:\/\/bri.univ-antilles.fr\/newsite\/wp-content\/uploads\/2026\/03\/Inge04-1024x536.jpg\" alt=\"\" class=\"wp-image-709\" srcset=\"https:\/\/bri.univ-antilles.fr\/newsite\/wp-content\/uploads\/2026\/03\/Inge04-1024x536.jpg 1024w, https:\/\/bri.univ-antilles.fr\/newsite\/wp-content\/uploads\/2026\/03\/Inge04-300x157.jpg 300w, https:\/\/bri.univ-antilles.fr\/newsite\/wp-content\/uploads\/2026\/03\/Inge04-768x402.jpg 768w, https:\/\/bri.univ-antilles.fr\/newsite\/wp-content\/uploads\/2026\/03\/Inge04-1536x803.jpg 1536w, https:\/\/bri.univ-antilles.fr\/newsite\/wp-content\/uploads\/2026\/03\/Inge04.jpg 2038w\" sizes=\"auto, (max-width: 1024px) 100vw, 1024px\" \/><\/figure>\n<\/figure>\n\n\n\n<p><\/p>\n","protected":false},"excerpt":{"rendered":"<p>Dans le cadre de l&rsquo;alliance universitaire europ\u00e9enne EUNICoast, un groupe de neuf \u00e9tudiants ing\u00e9nieurs en Sciences de l&rsquo;environnement et des mat\u00e9riaux a effectu\u00e9 un stage de mobilit\u00e9 d&rsquo;une semaine \u00e0 Majorque, accueillis par l&rsquo;Universit\u00e9 des \u00celes Bal\u00e9ares (UIB). Ce s\u00e9jour s&rsquo;inscrit dans une dynamique de coop\u00e9ration acad\u00e9mique et scientifique entre \u00e9tablissements c\u00f4tiers europ\u00e9ens, offrant aux [&hellip;]<\/p>\n","protected":false},"author":2,"featured_media":1068,"comment_status":"open","ping_status":"open","sticky":false,"template":"","format":"standard","meta":{"footnotes":""},"categories":[3],"tags":[],"class_list":["post-696","post","type-post","status-publish","format-standard","has-post-thumbnail","hentry","category-actualite"],"_links":{"self":[{"href":"https:\/\/bri.univ-antilles.fr\/newsite\/index.php\/wp-json\/wp\/v2\/posts\/696","targetHints":{"allow":["GET"]}}],"collection":[{"href":"https:\/\/bri.univ-antilles.fr\/newsite\/index.php\/wp-json\/wp\/v2\/posts"}],"about":[{"href":"https:\/\/bri.univ-antilles.fr\/newsite\/index.php\/wp-json\/wp\/v2\/types\/post"}],"author":[{"embeddable":true,"href":"https:\/\/bri.univ-antilles.fr\/newsite\/index.php\/wp-json\/wp\/v2\/users\/2"}],"replies":[{"embeddable":true,"href":"https:\/\/bri.univ-antilles.fr\/newsite\/index.php\/wp-json\/wp\/v2\/comments?post=696"}],"version-history":[{"count":8,"href":"https:\/\/bri.univ-antilles.fr\/newsite\/index.php\/wp-json\/wp\/v2\/posts\/696\/revisions"}],"predecessor-version":[{"id":735,"href":"https:\/\/bri.univ-antilles.fr\/newsite\/index.php\/wp-json\/wp\/v2\/posts\/696\/revisions\/735"}],"wp:featuredmedia":[{"embeddable":true,"href":"https:\/\/bri.univ-antilles.fr\/newsite\/index.php\/wp-json\/wp\/v2\/media\/1068"}],"wp:attachment":[{"href":"https:\/\/bri.univ-antilles.fr\/newsite\/index.php\/wp-json\/wp\/v2\/media?parent=696"}],"wp:term":[{"taxonomy":"category","embeddable":true,"href":"https:\/\/bri.univ-antilles.fr\/newsite\/index.php\/wp-json\/wp\/v2\/categories?post=696"},{"taxonomy":"post_tag","embeddable":true,"href":"https:\/\/bri.univ-antilles.fr\/newsite\/index.php\/wp-json\/wp\/v2\/tags?post=696"}],"curies":[{"name":"wp","href":"https:\/\/api.w.org\/{rel}","templated":true}]}}