{"id":1070,"date":"2026-04-30T21:38:25","date_gmt":"2026-04-30T19:38:25","guid":{"rendered":"https:\/\/bri.univ-antilles.fr\/newsite\/?p=1070"},"modified":"2026-04-30T21:38:25","modified_gmt":"2026-04-30T19:38:25","slug":"interlude-ua","status":"publish","type":"post","link":"https:\/\/bri.univ-antilles.fr\/newsite\/index.php\/2026\/04\/30\/interlude-ua\/","title":{"rendered":"Interlude UA"},"content":{"rendered":"\n<p>Oc\u00e9ane &#8211; Belgique<\/p>\n\n\n\n<p>Oc\u00e9ane, \u00e9tudiante en biologie de l&rsquo;Universit\u00e9 Libre de Bruxelles, a choisi de venir faire un semestre d&rsquo;\u00e9tudes Erasmus+ \u00e0 l&rsquo;UA o\u00f9 elle a rejoint l&rsquo;UFR SEN du P\u00f4le Guadeloupe.<\/p>\n\n\n\n<p>\u00ab\u00a0<em>J&rsquo;ai eu la chance de vivre une exp\u00e9rience inoubliable en Guadeloupe et \u00e0 l&rsquo;universit\u00e9 des Antilles. Mon s\u00e9jour a confirm\u00e9 mon choix d&rsquo;Erasmus. Je pense que la Guadeloupe est l&rsquo;endroit id\u00e9al pour faire des \u00e9tudes de biologie au vu de la diversit\u00e9 exceptionnelle de sa faune et de sa flore. Je ne tarderais pas \u00e0 revenir tant l&rsquo;accueil re\u00e7u \u00e9tait super !\u00a0\u00bb<\/em><\/p>\n\n\n\n<p>Bon retour en Belgique et \u00e0 bient\u00f4t donc.\u00a0<\/p>\n\n\n\n<figure class=\"wp-block-image size-large is-resized\"><img loading=\"lazy\" decoding=\"async\" width=\"1024\" height=\"1024\" src=\"https:\/\/bri.univ-antilles.fr\/newsite\/wp-content\/uploads\/2026\/04\/IMG_5081-1-1024x1024.jpeg\" alt=\"\" class=\"wp-image-1072\" style=\"width:426px;height:auto\" srcset=\"https:\/\/bri.univ-antilles.fr\/newsite\/wp-content\/uploads\/2026\/04\/IMG_5081-1-1024x1024.jpeg 1024w, https:\/\/bri.univ-antilles.fr\/newsite\/wp-content\/uploads\/2026\/04\/IMG_5081-1-300x300.jpeg 300w, https:\/\/bri.univ-antilles.fr\/newsite\/wp-content\/uploads\/2026\/04\/IMG_5081-1-150x150.jpeg 150w, https:\/\/bri.univ-antilles.fr\/newsite\/wp-content\/uploads\/2026\/04\/IMG_5081-1-768x768.jpeg 768w, https:\/\/bri.univ-antilles.fr\/newsite\/wp-content\/uploads\/2026\/04\/IMG_5081-1.jpeg 1280w\" sizes=\"auto, (max-width: 1024px) 100vw, 1024px\" \/><\/figure>\n","protected":false},"excerpt":{"rendered":"<p>Oc\u00e9ane &#8211; Belgique Oc\u00e9ane, \u00e9tudiante en biologie de l&rsquo;Universit\u00e9 Libre de Bruxelles, a choisi de venir faire un semestre d&rsquo;\u00e9tudes Erasmus+ \u00e0 l&rsquo;UA o\u00f9 elle a rejoint l&rsquo;UFR SEN du P\u00f4le Guadeloupe. \u00ab\u00a0J&rsquo;ai eu la chance de vivre une exp\u00e9rience inoubliable en Guadeloupe et \u00e0 l&rsquo;universit\u00e9 des Antilles. Mon s\u00e9jour a confirm\u00e9 mon choix d&rsquo;Erasmus. [&hellip;]<\/p>\n","protected":false},"author":2,"featured_media":1071,"comment_status":"open","ping_status":"open","sticky":false,"template":"","format":"standard","meta":{"footnotes":""},"categories":[3],"tags":[],"class_list":["post-1070","post","type-post","status-publish","format-standard","has-post-thumbnail","hentry","category-actualite"],"_links":{"self":[{"href":"https:\/\/bri.univ-antilles.fr\/newsite\/index.php\/wp-json\/wp\/v2\/posts\/1070","targetHints":{"allow":["GET"]}}],"collection":[{"href":"https:\/\/bri.univ-antilles.fr\/newsite\/index.php\/wp-json\/wp\/v2\/posts"}],"about":[{"href":"https:\/\/bri.univ-antilles.fr\/newsite\/index.php\/wp-json\/wp\/v2\/types\/post"}],"author":[{"embeddable":true,"href":"https:\/\/bri.univ-antilles.fr\/newsite\/index.php\/wp-json\/wp\/v2\/users\/2"}],"replies":[{"embeddable":true,"href":"https:\/\/bri.univ-antilles.fr\/newsite\/index.php\/wp-json\/wp\/v2\/comments?post=1070"}],"version-history":[{"count":1,"href":"https:\/\/bri.univ-antilles.fr\/newsite\/index.php\/wp-json\/wp\/v2\/posts\/1070\/revisions"}],"predecessor-version":[{"id":1073,"href":"https:\/\/bri.univ-antilles.fr\/newsite\/index.php\/wp-json\/wp\/v2\/posts\/1070\/revisions\/1073"}],"wp:featuredmedia":[{"embeddable":true,"href":"https:\/\/bri.univ-antilles.fr\/newsite\/index.php\/wp-json\/wp\/v2\/media\/1071"}],"wp:attachment":[{"href":"https:\/\/bri.univ-antilles.fr\/newsite\/index.php\/wp-json\/wp\/v2\/media?parent=1070"}],"wp:term":[{"taxonomy":"category","embeddable":true,"href":"https:\/\/bri.univ-antilles.fr\/newsite\/index.php\/wp-json\/wp\/v2\/categories?post=1070"},{"taxonomy":"post_tag","embeddable":true,"href":"https:\/\/bri.univ-antilles.fr\/newsite\/index.php\/wp-json\/wp\/v2\/tags?post=1070"}],"curies":[{"name":"wp","href":"https:\/\/api.w.org\/{rel}","templated":true}]}}